{"id":2804,"date":"2006-10-25T12:00:51","date_gmt":"2006-10-25T11:00:51","guid":{"rendered":"http:\/\/cuicui.be\/?p=2804"},"modified":"2016-12-23T14:45:22","modified_gmt":"2016-12-23T13:45:22","slug":"um-er-rasas-kastrom-mefaa","status":"publish","type":"post","link":"https:\/\/cuicui.be\/fr\/um-er-rasas-kastrom-mefaa\/","title":{"rendered":"Um er-Rasas (Kastrom Mefa\u2019a)"},"content":{"rendered":"<p><br \/>\n<div id='container2807_2804' style='width:100%; height:600px; position: relative;'>This content requires HTML5\/CSS3, WebGL, or Adobe Flash Player Version 9 or higher.<\/div><script type='text\/javascript' src='\/wp-content\/uploads\/2006\/10\/jo_um_er_rasas\/pano2vr_player.js'><\/script><script type='text\/javascript' src='\/wp-content\/uploads\/2006\/10\/jo_um_er_rasas\/skin.js'><\/script><script type='text\/javascript' src='\/wp-content\/plugins\/ggpkg-import\/include\/pano2vrgyro.js'><\/script><script type='text\/javascript'>if (ggHasHtml5Css3D() || ggHasWebGL()) {if  (typeof jo_um_er_rasas_pano2vrPlayer != 'undefined') pano2807_2804=new jo_um_er_rasas_pano2vrPlayer('container2807_2804');else pano2807_2804=new pano2vrPlayer('container2807_2804');if  (typeof jo_um_er_rasas_pano2vrSkin != 'undefined') skin2807_2804=new jo_um_er_rasas_pano2vrSkin(pano2807_2804, '\/wp-content\/uploads\/2006\/10\/jo_um_er_rasas\/\/');else skin2807_2804=new pano2vrSkin(pano2807_2804, '\/wp-content\/uploads\/2006\/10\/jo_um_er_rasas\/\/');window.addEventListener('load', function() {pano2807_2804.readConfigUrlAsync('\/wp-content\/uploads\/2006\/10\/jo_um_er_rasas\/pano.xml', function() {gyro2807_2804=new pano2vrGyro(pano2807_2804, 'container2807_2804');gyro2807_2804.setTrueNorth(true);});});} else if (swfobject.hasFlashPlayerVersion('10.0.0')) {var flashvars = {};var params = {};function ggXmlReady() { initMap2807_2804();  };flashvars.externalinterface='1';params.quality = 'high';params.bgcolor = '#ffffff';params.allowscriptaccess = 'sameDomain';params.allowfullscreen = 'true';var attributes = {};attributes.id = 'pano2807_2804';attributes.name = 'pano2807_2804';attributes.align = 'middle';flashvars.panoxml= '\/wp-content\/uploads\/2006\/10\/jo_um_er_rasas\/pano.xml';flashvars.skinxml= '\/wp-content\/uploads\/2006\/10\/jo_um_er_rasas\/skin.xml';params.base='\/wp-content\/uploads\/2006\/10\/jo_um_er_rasas\/';swfobject.embedSWF('\/wp-content\/uploads\/2006\/10\/jo_um_er_rasas\/\/pano2vr_player.swf', 'container2807_2804','100%', '600px','10.0.0', '',flashvars, params, attributes);}<\/script><noscript><p><b>Please enable Javascript!<\/b><\/p><\/noscript><br \/>\n\u00ab\u00a0Le site, qui comprend des vestiges des p\u00e9riodes romaine, byzantine et du d\u00e9but de l\u2019islam (de la fin du IIIe au IXe si\u00e8cle apr. J.-C.), fut d\u2019abord un camp militaire romain puis s\u2019agrandit pour devenir une ville \u00e0 partir du Ve si\u00e8cle. Le camp militaire fortifi\u00e9, a \u00e9t\u00e9 peu fouill\u00e9. Le site comporte \u00e9galement 16 \u00e9glises dont certaines poss\u00e8dent des sols en mosa\u00efque bien conserv\u00e9s, en particulier celui de l\u2019\u00e9glise Saint-Etienne qui repr\u00e9sente des villes de la r\u00e9gion. Deux tours carr\u00e9es sont probablement les seuls t\u00e9moignages de la pratique, bien connue dans cette partie du monde, des anachor\u00e8tes stylites (moines asc\u00e9tiques qui s\u2019isolaient au sommet d\u2019une colonne ou d\u2019une tour).\u00a0\u00bb <a href=\"http:\/\/whc.unesco.org\/fr\/list\/1093\" target=\"_blank\">Plus d&rsquo;information via le Centre du patrimoine mondial<\/a>.<\/p>","protected":false},"excerpt":{"rendered":"<p>\u00ab\u00a0Le site, qui comprend des vestiges des p\u00e9riodes romaine, byzantine et du d\u00e9but de l\u2019islam (de la fin du IIIe au IXe si\u00e8cle apr. J.-C.), fut d\u2019abord un<\/p>\n","protected":false},"author":1,"featured_media":2805,"comment_status":"closed","ping_status":"closed","sticky":false,"template":"","format":"standard","meta":{"generate_page_header":"","footnotes":""},"categories":[76,27],"tags":[],"class_list":["post-2804","post","type-post","status-publish","format-standard","has-post-thumbnail","hentry","category-jordan","category-middle-east","generate-columns","tablet-grid-50","mobile-grid-100","grid-parent","grid-33"],"_links":{"self":[{"href":"https:\/\/cuicui.be\/fr\/wp-json\/wp\/v2\/posts\/2804","targetHints":{"allow":["GET"]}}],"collection":[{"href":"https:\/\/cuicui.be\/fr\/wp-json\/wp\/v2\/posts"}],"about":[{"href":"https:\/\/cuicui.be\/fr\/wp-json\/wp\/v2\/types\/post"}],"author":[{"embeddable":true,"href":"https:\/\/cuicui.be\/fr\/wp-json\/wp\/v2\/users\/1"}],"replies":[{"embeddable":true,"href":"https:\/\/cuicui.be\/fr\/wp-json\/wp\/v2\/comments?post=2804"}],"version-history":[{"count":0,"href":"https:\/\/cuicui.be\/fr\/wp-json\/wp\/v2\/posts\/2804\/revisions"}],"wp:featuredmedia":[{"embeddable":true,"href":"https:\/\/cuicui.be\/fr\/wp-json\/wp\/v2\/media\/2805"}],"wp:attachment":[{"href":"https:\/\/cuicui.be\/fr\/wp-json\/wp\/v2\/media?parent=2804"}],"wp:term":[{"taxonomy":"category","embeddable":true,"href":"https:\/\/cuicui.be\/fr\/wp-json\/wp\/v2\/categories?post=2804"},{"taxonomy":"post_tag","embeddable":true,"href":"https:\/\/cuicui.be\/fr\/wp-json\/wp\/v2\/tags?post=2804"}],"curies":[{"name":"wp","href":"https:\/\/api.w.org\/{rel}","templated":true}]}}