{"id":2866,"date":"2005-11-20T12:00:32","date_gmt":"2005-11-20T11:00:32","guid":{"rendered":"http:\/\/cuicui.be\/?p=2866"},"modified":"2016-12-26T21:37:03","modified_gmt":"2016-12-26T20:37:03","slug":"france-provins-town-of-medieval-fairs","status":"publish","type":"post","link":"https:\/\/cuicui.be\/fr\/france-provins-town-of-medieval-fairs\/","title":{"rendered":"Provins, ville de foire m\u00e9di\u00e9vale"},"content":{"rendered":"<p><br \/>\n<div id='container2868_2866' style='width:100%; height:600px; position: relative;'>This content requires HTML5\/CSS3, WebGL, or Adobe Flash Player Version 9 or higher.<\/div><script type='text\/javascript' src='\/wp-content\/uploads\/2016\/11\/fr_provins\/pano2vr_player.js'><\/script><script type='text\/javascript' src='\/wp-content\/uploads\/2016\/11\/fr_provins\/skin.js'><\/script><script type='text\/javascript' src='\/wp-content\/plugins\/ggpkg-import\/include\/pano2vrgyro.js'><\/script><script type='text\/javascript'>if (ggHasHtml5Css3D() || ggHasWebGL()) {if  (typeof fr_provins_pano2vrPlayer != 'undefined') pano2868_2866=new fr_provins_pano2vrPlayer('container2868_2866');else pano2868_2866=new pano2vrPlayer('container2868_2866');if  (typeof fr_provins_pano2vrSkin != 'undefined') skin2868_2866=new fr_provins_pano2vrSkin(pano2868_2866, '\/wp-content\/uploads\/2016\/11\/fr_provins\/\/');else skin2868_2866=new pano2vrSkin(pano2868_2866, '\/wp-content\/uploads\/2016\/11\/fr_provins\/\/');window.addEventListener('load', function() {pano2868_2866.readConfigUrlAsync('\/wp-content\/uploads\/2016\/11\/fr_provins\/pano.xml', function() {gyro2868_2866=new pano2vrGyro(pano2868_2866, 'container2868_2866');gyro2868_2866.setTrueNorth(true);});});} else if (swfobject.hasFlashPlayerVersion('10.0.0')) {var flashvars = {};var params = {};function ggXmlReady() { initMap2868_2866();  };flashvars.externalinterface='1';params.quality = 'high';params.bgcolor = '#ffffff';params.allowscriptaccess = 'sameDomain';params.allowfullscreen = 'true';var attributes = {};attributes.id = 'pano2868_2866';attributes.name = 'pano2868_2866';attributes.align = 'middle';flashvars.panoxml= '\/wp-content\/uploads\/2016\/11\/fr_provins\/pano.xml';flashvars.skinxml= '\/wp-content\/uploads\/2016\/11\/fr_provins\/skin.xml';params.base='\/wp-content\/uploads\/2016\/11\/fr_provins\/';swfobject.embedSWF('\/wp-content\/uploads\/2016\/11\/fr_provins\/\/pano2vr_player.swf', 'container2868_2866','100%', '600px','10.0.0', '',flashvars, params, attributes);}<\/script><noscript><p><b>Please enable Javascript!<\/b><\/p><\/noscript><br \/>\n\u00ab\u00a0La ville m\u00e9di\u00e9vale fortifi\u00e9e de Provins se situe au c\u0153ur de l&rsquo;ancienne r\u00e9gion des puissants comtes de Champagne. Elle t\u00e9moigne des premiers d\u00e9veloppements des foires commerciales internationales et de l&rsquo;industrie de la laine. Provins a su pr\u00e9server sa structure urbaine, con\u00e7ue sp\u00e9cialement pour accueillir des foires et des activit\u00e9s connexes.\u00a0\u00bb <a href=\"http:\/\/whc.unesco.org\/fr\/list\/873\/\" target=\"_blank\">Plus d&rsquo;information via le Centre du patrimoine mondial<\/a>.<\/p>","protected":false},"excerpt":{"rendered":"<p>\u00ab\u00a0La ville m\u00e9di\u00e9vale fortifi\u00e9e de Provins se situe au c\u0153ur de l&rsquo;ancienne r\u00e9gion des puissants comtes de Champagne. Elle t\u00e9moigne des premiers d\u00e9veloppements des foires commerciales internationales et<\/p>\n","protected":false},"author":1,"featured_media":2867,"comment_status":"closed","ping_status":"closed","sticky":false,"template":"","format":"standard","meta":{"generate_page_header":"","footnotes":""},"categories":[1,24],"tags":[],"class_list":["post-2866","post","type-post","status-publish","format-standard","has-post-thumbnail","hentry","category-europe","category-france","generate-columns","tablet-grid-50","mobile-grid-100","grid-parent","grid-33"],"_links":{"self":[{"href":"https:\/\/cuicui.be\/fr\/wp-json\/wp\/v2\/posts\/2866","targetHints":{"allow":["GET"]}}],"collection":[{"href":"https:\/\/cuicui.be\/fr\/wp-json\/wp\/v2\/posts"}],"about":[{"href":"https:\/\/cuicui.be\/fr\/wp-json\/wp\/v2\/types\/post"}],"author":[{"embeddable":true,"href":"https:\/\/cuicui.be\/fr\/wp-json\/wp\/v2\/users\/1"}],"replies":[{"embeddable":true,"href":"https:\/\/cuicui.be\/fr\/wp-json\/wp\/v2\/comments?post=2866"}],"version-history":[{"count":0,"href":"https:\/\/cuicui.be\/fr\/wp-json\/wp\/v2\/posts\/2866\/revisions"}],"wp:featuredmedia":[{"embeddable":true,"href":"https:\/\/cuicui.be\/fr\/wp-json\/wp\/v2\/media\/2867"}],"wp:attachment":[{"href":"https:\/\/cuicui.be\/fr\/wp-json\/wp\/v2\/media?parent=2866"}],"wp:term":[{"taxonomy":"category","embeddable":true,"href":"https:\/\/cuicui.be\/fr\/wp-json\/wp\/v2\/categories?post=2866"},{"taxonomy":"post_tag","embeddable":true,"href":"https:\/\/cuicui.be\/fr\/wp-json\/wp\/v2\/tags?post=2866"}],"curies":[{"name":"wp","href":"https:\/\/api.w.org\/{rel}","templated":true}]}}