{"id":2899,"date":"2006-03-18T12:00:12","date_gmt":"2006-03-18T11:00:12","guid":{"rendered":"http:\/\/cuicui.be\/?p=2899"},"modified":"2016-12-26T21:39:50","modified_gmt":"2016-12-26T20:39:50","slug":"france-pont-du-gard","status":"publish","type":"post","link":"https:\/\/cuicui.be\/fr\/france-pont-du-gard\/","title":{"rendered":"Le pont du Gard"},"content":{"rendered":"<p><br \/>\n<div id='container2901_2899' style='width:100%; height:600px; position: relative;'>This content requires HTML5\/CSS3, WebGL, or Adobe Flash Player Version 9 or higher.<\/div><script type='text\/javascript' src='\/wp-content\/uploads\/2016\/11\/fr_gard\/pano2vr_player.js'><\/script><script type='text\/javascript' src='\/wp-content\/uploads\/2016\/11\/fr_gard\/skin.js'><\/script><script type='text\/javascript' src='\/wp-content\/plugins\/ggpkg-import\/include\/pano2vrgyro.js'><\/script><script type='text\/javascript'>if (ggHasHtml5Css3D() || ggHasWebGL()) {if  (typeof fr_gard_pano2vrPlayer != 'undefined') pano2901_2899=new fr_gard_pano2vrPlayer('container2901_2899');else pano2901_2899=new pano2vrPlayer('container2901_2899');if  (typeof fr_gard_pano2vrSkin != 'undefined') skin2901_2899=new fr_gard_pano2vrSkin(pano2901_2899, '\/wp-content\/uploads\/2016\/11\/fr_gard\/\/');else skin2901_2899=new pano2vrSkin(pano2901_2899, '\/wp-content\/uploads\/2016\/11\/fr_gard\/\/');window.addEventListener('load', function() {pano2901_2899.readConfigUrlAsync('\/wp-content\/uploads\/2016\/11\/fr_gard\/pano.xml', function() {gyro2901_2899=new pano2vrGyro(pano2901_2899, 'container2901_2899');gyro2901_2899.setTrueNorth(true);});});} else if (swfobject.hasFlashPlayerVersion('10.0.0')) {var flashvars = {};var params = {};function ggXmlReady() { initMap2901_2899();  };flashvars.externalinterface='1';params.quality = 'high';params.bgcolor = '#ffffff';params.allowscriptaccess = 'sameDomain';params.allowfullscreen = 'true';var attributes = {};attributes.id = 'pano2901_2899';attributes.name = 'pano2901_2899';attributes.align = 'middle';flashvars.panoxml= '\/wp-content\/uploads\/2016\/11\/fr_gard\/pano.xml';flashvars.skinxml= '\/wp-content\/uploads\/2016\/11\/fr_gard\/skin.xml';params.base='\/wp-content\/uploads\/2016\/11\/fr_gard\/';swfobject.embedSWF('\/wp-content\/uploads\/2016\/11\/fr_gard\/\/pano2vr_player.swf', 'container2901_2899','100%', '600px','10.0.0', '',flashvars, params, attributes);}<\/script><noscript><p><b>Please enable Javascript!<\/b><\/p><\/noscript><br \/>\n\u00ab\u00a0Le pont du Gard a \u00e9t\u00e9 construit peu avant l&rsquo;\u00e8re chr\u00e9tienne pour permettre \u00e0 l&rsquo;aqueduc de N\u00eemes, long de pr\u00e8s de 50 km, de franchir le Gardon. En imaginant ce pont de 50 m de haut \u00e0 trois niveaux, dont le plus long mesure 275 m, les ing\u00e9nieurs hydrauliciens et architectes romains ont cr\u00e9\u00e9 un chef-d&rsquo;\u0153uvre technique qui est aussi une \u0153uvre d&rsquo;art.\u00a0\u00bb <a href=\"http:\/\/whc.unesco.org\/fr\/list\/344\" target=\"_blank\">Plus d&rsquo;information via le Centre du patrimoine mondial<\/a>.<\/p>","protected":false},"excerpt":{"rendered":"<p>\u00ab\u00a0Le pont du Gard a \u00e9t\u00e9 construit peu avant l&rsquo;\u00e8re chr\u00e9tienne pour permettre \u00e0 l&rsquo;aqueduc de N\u00eemes, long de pr\u00e8s de 50 km, de franchir le Gardon. En<\/p>\n","protected":false},"author":1,"featured_media":2900,"comment_status":"closed","ping_status":"closed","sticky":false,"template":"","format":"standard","meta":{"generate_page_header":"","footnotes":""},"categories":[1,24],"tags":[],"class_list":["post-2899","post","type-post","status-publish","format-standard","has-post-thumbnail","hentry","category-europe","category-france","generate-columns","tablet-grid-50","mobile-grid-100","grid-parent","grid-33"],"_links":{"self":[{"href":"https:\/\/cuicui.be\/fr\/wp-json\/wp\/v2\/posts\/2899","targetHints":{"allow":["GET"]}}],"collection":[{"href":"https:\/\/cuicui.be\/fr\/wp-json\/wp\/v2\/posts"}],"about":[{"href":"https:\/\/cuicui.be\/fr\/wp-json\/wp\/v2\/types\/post"}],"author":[{"embeddable":true,"href":"https:\/\/cuicui.be\/fr\/wp-json\/wp\/v2\/users\/1"}],"replies":[{"embeddable":true,"href":"https:\/\/cuicui.be\/fr\/wp-json\/wp\/v2\/comments?post=2899"}],"version-history":[{"count":0,"href":"https:\/\/cuicui.be\/fr\/wp-json\/wp\/v2\/posts\/2899\/revisions"}],"wp:featuredmedia":[{"embeddable":true,"href":"https:\/\/cuicui.be\/fr\/wp-json\/wp\/v2\/media\/2900"}],"wp:attachment":[{"href":"https:\/\/cuicui.be\/fr\/wp-json\/wp\/v2\/media?parent=2899"}],"wp:term":[{"taxonomy":"category","embeddable":true,"href":"https:\/\/cuicui.be\/fr\/wp-json\/wp\/v2\/categories?post=2899"},{"taxonomy":"post_tag","embeddable":true,"href":"https:\/\/cuicui.be\/fr\/wp-json\/wp\/v2\/tags?post=2899"}],"curies":[{"name":"wp","href":"https:\/\/api.w.org\/{rel}","templated":true}]}}